{"id":950,"date":"2023-05-29T10:00:30","date_gmt":"2023-05-29T10:00:30","guid":{"rendered":"http:\/\/www.drrobertoelias.com.br\/blog\/?p=950"},"modified":"2023-06-02T18:18:21","modified_gmt":"2023-06-02T18:18:21","slug":"a-relacao-entre-o-tabagismo-e-o-cancer-de-cabeca-e-pescoco-riscos-e-prevencao","status":"publish","type":"post","link":"https:\/\/www.drrobertoelias.com.br\/blog\/sem-categoria\/a-relacao-entre-o-tabagismo-e-o-cancer-de-cabeca-e-pescoco-riscos-e-prevencao\/","title":{"rendered":"A rela\u00e7\u00e3o entre o tabagismo e o c\u00e2ncer de cabe\u00e7a e pesco\u00e7o: riscos e preven\u00e7\u00e3o"},"content":{"rendered":"<p><a href=\"http:\/\/www.drrobertoelias.com.br\/blog\/wp-content\/uploads\/2023\/05\/DPZW6UE.png\"><img loading=\"lazy\" decoding=\"async\" src=\"http:\/\/www.drrobertoelias.com.br\/blog\/wp-content\/uploads\/2023\/05\/DPZW6UE.png\" alt=\"\" title=\"DPZW6U~E\" width=\"655\" height=\"268\" class=\"aligncenter size-full wp-image-951\" srcset=\"https:\/\/www.drrobertoelias.com.br\/blog\/wp-content\/uploads\/2023\/05\/DPZW6UE.png 655w, https:\/\/www.drrobertoelias.com.br\/blog\/wp-content\/uploads\/2023\/05\/DPZW6UE-300x122.png 300w\" sizes=\"(max-width: 655px) 100vw, 655px\" \/><\/a><\/p>\n<p>Fumar n\u00e3o \u00e9 apenas uma escolha de estilo de vida; \u00e9 uma decis\u00e3o que impacta diretamente a sa\u00fade de quem fuma e de quem est\u00e1 ao redor. Quando pensamos no tabagismo, geralmente o associamos ao c\u00e2ncer de pulm\u00e3o, mas h\u00e1 tamb\u00e9m uma forte conex\u00e3o com o c\u00e2ncer de cabe\u00e7a e pesco\u00e7o.<\/p>\n<p>O tabaco cont\u00e9m mais de 7.000 subst\u00e2ncias qu\u00edmicas, e muitas delas s\u00e3o carcin\u00f3genas &#8211; capazes de causar c\u00e2ncer. Essas subst\u00e2ncias podem danificar o DNA das c\u00e9lulas na regi\u00e3o da cabe\u00e7a e pesco\u00e7o, favorecendo o aparecimento de les\u00f5es neopl\u00e1sicas.<\/p>\n<p>Os riscos s\u00e3o alarmantes: fumantes t\u00eam cerca de 15 a 30 vezes mais chances de desenvolver c\u00e2ncer de cabe\u00e7a e pesco\u00e7o do que os n\u00e3o fumantes. Mesmo o tabagismo passivo, o ato de inalar a fuma\u00e7a do cigarro de outra pessoa, aumenta a probabilidade de desenvolver esses tipos de c\u00e2ncer.<\/p>\n<p>Ent\u00e3o, qual \u00e9 a melhor forma de preven\u00e7\u00e3o? Simplesmente parar de fumar. Mesmo para aqueles que fumam h\u00e1 muitos anos, parar pode reduzir significativamente o risco. Al\u00e9m disso, exames de rotina para detec\u00e7\u00e3o precoce de c\u00e2ncer s\u00e3o essenciais.<\/p>\n","protected":false},"excerpt":{"rendered":"<p>Fumar n\u00e3o \u00e9 apenas uma escolha de estilo de vida; \u00e9 uma decis\u00e3o que impacta diretamente a sa\u00fade de quem fuma e de quem est\u00e1 ao redor. Quando pensamos no tabagismo, geralmente o associamos ao c\u00e2ncer de pulm\u00e3o, mas h\u00e1 tamb\u00e9m uma forte conex\u00e3o com o c\u00e2ncer de cabe\u00e7a e pesco\u00e7o. O tabaco cont\u00e9m mais [&hellip;]<\/p>\n","protected":false},"author":1,"featured_media":0,"comment_status":"open","ping_status":"open","sticky":false,"template":"","format":"standard","meta":{"footnotes":""},"categories":[1],"tags":[],"_links":{"self":[{"href":"https:\/\/www.drrobertoelias.com.br\/blog\/wp-json\/wp\/v2\/posts\/950"}],"collection":[{"href":"https:\/\/www.drrobertoelias.com.br\/blog\/wp-json\/wp\/v2\/posts"}],"about":[{"href":"https:\/\/www.drrobertoelias.com.br\/blog\/wp-json\/wp\/v2\/types\/post"}],"author":[{"embeddable":true,"href":"https:\/\/www.drrobertoelias.com.br\/blog\/wp-json\/wp\/v2\/users\/1"}],"replies":[{"embeddable":true,"href":"https:\/\/www.drrobertoelias.com.br\/blog\/wp-json\/wp\/v2\/comments?post=950"}],"version-history":[{"count":6,"href":"https:\/\/www.drrobertoelias.com.br\/blog\/wp-json\/wp\/v2\/posts\/950\/revisions"}],"predecessor-version":[{"id":988,"href":"https:\/\/www.drrobertoelias.com.br\/blog\/wp-json\/wp\/v2\/posts\/950\/revisions\/988"}],"wp:attachment":[{"href":"https:\/\/www.drrobertoelias.com.br\/blog\/wp-json\/wp\/v2\/media?parent=950"}],"wp:term":[{"taxonomy":"category","embeddable":true,"href":"https:\/\/www.drrobertoelias.com.br\/blog\/wp-json\/wp\/v2\/categories?post=950"},{"taxonomy":"post_tag","embeddable":true,"href":"https:\/\/www.drrobertoelias.com.br\/blog\/wp-json\/wp\/v2\/tags?post=950"}],"curies":[{"name":"wp","href":"https:\/\/api.w.org\/{rel}","templated":true}]}}